{"id":1148,"date":"2025-03-10T00:03:36","date_gmt":"2025-03-09T23:03:36","guid":{"rendered":"https:\/\/www.jardinsdechanabier.com\/?p=1148"},"modified":"2025-03-10T00:15:22","modified_gmt":"2025-03-09T23:15:22","slug":"cine-debat-avec-le-film-paysans-de-la-terre-au-ciel-de-herve-payen","status":"publish","type":"post","link":"https:\/\/www.jardinsdechanabier.com\/?p=1148","title":{"rendered":"Cin\u00e9-d\u00e9bat avec le film de Herv\u00e9 Payen : Paysans du Ciel \u00e0 la Terre"},"content":{"rendered":"\n<p><em>Dans le cadre du premier festival du cin\u00e9ma \u00ab\u00a0Terre &amp; Racines\u00a0\u00bb organis\u00e9 par l&rsquo;Espace Vivans Cin\u00e9ma et Culture au Vans (Ard\u00e8che), l&rsquo;association Myrte et Papyrus avec les Jardins de Chanabier vous convie \u00e0 la projection du film \u00ab\u00a0Paysans du Ciel \u00e0 la Terre\u00a0\u00bb r\u00e9alis\u00e9 par Herv\u00e9 Payen.<\/em><\/p>\n\n\n\n<figure class=\"wp-block-image size-full\"><img loading=\"lazy\" decoding=\"async\" width=\"793\" height=\"453\" src=\"https:\/\/www.jardinsdechanabier.com\/wp-content\/uploads\/2025\/03\/Titre-affiche-paysans-ciel-terre.jpg\" alt=\"\" class=\"wp-image-1154\" srcset=\"https:\/\/www.jardinsdechanabier.com\/wp-content\/uploads\/2025\/03\/Titre-affiche-paysans-ciel-terre.jpg 793w, https:\/\/www.jardinsdechanabier.com\/wp-content\/uploads\/2025\/03\/Titre-affiche-paysans-ciel-terre-300x171.jpg 300w, https:\/\/www.jardinsdechanabier.com\/wp-content\/uploads\/2025\/03\/Titre-affiche-paysans-ciel-terre-768x439.jpg 768w\" sizes=\"auto, (max-width: 767px) 89vw, (max-width: 1000px) 54vw, (max-width: 1071px) 543px, 580px\" \/><\/figure>\n\n\n\n<h2 class=\"wp-block-heading\">S\u00e9ance : <\/h2>\n\n\n\n<h3 class=\"wp-block-heading\"><strong>Jeudi 20 mars 2025 \u00e0 20h00 \u00e0 l&rsquo;Espace Vivans &#8211; Cin\u00e9ma et Culture<\/strong><br><strong>103 place Vivans \u00e0 Les Vans (Ard\u00e8che)<\/strong><\/h3>\n\n\n\n<p> La projection sera suivi d&rsquo;un \u00e9change anim\u00e9 par Nathana\u00ebl Bechdolff, permaculteur et formateur, pr\u00e9sident de l&rsquo;association Myrte et Papyrus.<\/p>\n\n\n\n<p>Dans le cadre de ce festival, l&rsquo;association Myrte et Papyrus a propos\u00e9 ce film car il entre parfaitement dans la vision permaculturel de nos actions, notamment la <a href=\"https:\/\/www.jardinsdechanabier.com\/?p=983\">formation \u00ab\u00a0l&rsquo;art de cultiver le sol vivant\u00a0\u00bb<\/a><\/p>\n\n\n\n<h2 class=\"wp-block-heading\">Synopsis :<\/h2>\n\n\n\n<p>Un film-enqu\u00eate entre ciel et terre au c\u0153ur des Hauts-de-France pour rencontrer des agriculteurs qui cherchent, chacun \u00e0 leur fa\u00e7on, \u00e0 travailler avec la vie du sol, afin de nourrir la Terre autant qu\u2019elle nourrit les hommes. <\/p>\n\n\n\n<h2 class=\"wp-block-heading\">Bande annonce : <\/h2>\n\n\n\n<figure class=\"wp-block-embed is-type-video is-provider-youtube wp-block-embed-youtube wp-embed-aspect-16-9 wp-has-aspect-ratio\"><div class=\"wp-block-embed__wrapper\">\n<iframe loading=\"lazy\" title=\"Bande Annonce Paysans du ciel \u00e0 la terre\" width=\"525\" height=\"295\" src=\"https:\/\/www.youtube.com\/embed\/FDfSuL9chB4?feature=oembed\" frameborder=\"0\" allow=\"accelerometer; autoplay; clipboard-write; encrypted-media; gyroscope; picture-in-picture; web-share\" referrerpolicy=\"strict-origin-when-cross-origin\" allowfullscreen><\/iframe>\n<\/div><\/figure>\n\n\n\n<h2 class=\"wp-block-heading\">A propos du film <\/h2>\n\n\n\n<div class=\"wp-block-group\"><div class=\"wp-block-group__inner-container is-layout-constrained wp-block-group-is-layout-constrained\">\n<p><a href=\"https:\/\/www.frutieraltimage.com\/\" target=\"_blank\" rel=\"noreferrer noopener\">Philippe, photographe a\u00e9rien<\/a>\u00a0et fils de paysan, observe depuis son ULM les paysages agricoles \u00e9voluer depuis 25 ans. Un ph\u00e9nom\u00e8ne particulier lui offre, paradoxalement, de superbes clich\u00e9s : les coul\u00e9es de boue. Interpell\u00e9, il d\u00e9cide d\u2019aller interroger les agriculteurs sur ce probl\u00e8me de plus en plus apparent, en particulier vu du ciel.<\/p>\n\n\n\n<p>Sur cette terre qui semble en perte de vie, il rencontre des agriculteurs qui vont le surprendre ! Soucieux de retrouver une terre vivante, ils font de leur mieux pour cultiver de mani\u00e8re respectueuse et innovante, chacun \u00e0 leur fa\u00e7on. Philippe recueille ainsi les t\u00e9moignages poignants de ces femmes et ces hommes investis, heureux d\u2019\u00eatre \u00e9cout\u00e9s, et fiers d\u2019\u00eatre paysans.<\/p>\n\n\n\n<p>Finalement, un <a href=\"https:\/\/www.jardinsdechanabier.com\/?p=983\">sol vivant<\/a> ne serait-il pas source d\u2019autonomie et de bonheur pour les paysans, et source de sant\u00e9 pour la Terre et les humains ?<\/p>\n<\/div><\/div>\n\n\n\n<div class=\"wp-block-buttons is-layout-flex wp-block-buttons-is-layout-flex\">\n<div class=\"wp-block-button\"><a class=\"wp-block-button__link has-luminous-vivid-orange-background-color has-background wp-element-button\" href=\"https:\/\/www.paysansducielalaterre.fr\/\" target=\"_blank\" rel=\"noreferrer noopener\">En savoir plus sur  ce film<\/a><\/div>\n<\/div>\n\n\n\n<p><\/p>\n\n\n\n<figure class=\"wp-block-image size-large\"><a href=\"https:\/\/www.paysansducielalaterre.fr\/\" target=\"_blank\" rel=\" noreferrer noopener\"><img loading=\"lazy\" decoding=\"async\" width=\"1024\" height=\"724\" src=\"https:\/\/www.jardinsdechanabier.com\/wp-content\/uploads\/2025\/03\/Un-outil-de-sensibilisation-1024x724.png\" alt=\"\" class=\"wp-image-1153\" srcset=\"https:\/\/www.jardinsdechanabier.com\/wp-content\/uploads\/2025\/03\/Un-outil-de-sensibilisation-1024x724.png 1024w, https:\/\/www.jardinsdechanabier.com\/wp-content\/uploads\/2025\/03\/Un-outil-de-sensibilisation-300x212.png 300w, https:\/\/www.jardinsdechanabier.com\/wp-content\/uploads\/2025\/03\/Un-outil-de-sensibilisation-768x543.png 768w, https:\/\/www.jardinsdechanabier.com\/wp-content\/uploads\/2025\/03\/Un-outil-de-sensibilisation-1536x1086.png 1536w, https:\/\/www.jardinsdechanabier.com\/wp-content\/uploads\/2025\/03\/Un-outil-de-sensibilisation-2048x1448.png 2048w\" sizes=\"auto, (max-width: 767px) 89vw, (max-width: 1000px) 54vw, (max-width: 1071px) 543px, 580px\" \/><\/a><\/figure>\n","protected":false},"excerpt":{"rendered":"<p>Dans le cadre du premier festival du cin\u00e9ma \u00ab\u00a0Terre &#038; Racines\u00a0\u00bb organis\u00e9 par l&rsquo;Espace Vivans Cin\u00e9ma et Culture au Vans (Ard\u00e8che), l&rsquo;association Myrte et Papyrus avec les Jardins de Chanabier vous convie \u00e0 la projection du film \u00ab\u00a0Paysans du Ciel \u00e0 la Terre\u00a0\u00bb r\u00e9alis\u00e9 par Herv\u00e9 Payen.<\/p>\n","protected":false},"author":1,"featured_media":1150,"comment_status":"closed","ping_status":"open","sticky":false,"template":"","format":"standard","meta":{"_exactmetrics_skip_tracking":false,"_exactmetrics_sitenote_active":false,"_exactmetrics_sitenote_note":"","_exactmetrics_sitenote_category":0,"footnotes":""},"categories":[7,44,102],"tags":[32,29,72,20,18,69,40,16,70,109,41,110],"class_list":["post-1148","post","type-post","status-publish","format-standard","has-post-thumbnail","hentry","category-agenda","category-evenements","category-permaculture","tag-actualite","tag-agenda","tag-agriculture","tag-ardeche","tag-biodiversite","tag-cine-debat","tag-cinema","tag-ecologie","tag-film","tag-paysans","tag-permaculture","tag-sol-vivant"],"_links":{"self":[{"href":"https:\/\/www.jardinsdechanabier.com\/index.php?rest_route=\/wp\/v2\/posts\/1148","targetHints":{"allow":["GET"]}}],"collection":[{"href":"https:\/\/www.jardinsdechanabier.com\/index.php?rest_route=\/wp\/v2\/posts"}],"about":[{"href":"https:\/\/www.jardinsdechanabier.com\/index.php?rest_route=\/wp\/v2\/types\/post"}],"author":[{"embeddable":true,"href":"https:\/\/www.jardinsdechanabier.com\/index.php?rest_route=\/wp\/v2\/users\/1"}],"replies":[{"embeddable":true,"href":"https:\/\/www.jardinsdechanabier.com\/index.php?rest_route=%2Fwp%2Fv2%2Fcomments&post=1148"}],"version-history":[{"count":8,"href":"https:\/\/www.jardinsdechanabier.com\/index.php?rest_route=\/wp\/v2\/posts\/1148\/revisions"}],"predecessor-version":[{"id":1164,"href":"https:\/\/www.jardinsdechanabier.com\/index.php?rest_route=\/wp\/v2\/posts\/1148\/revisions\/1164"}],"wp:featuredmedia":[{"embeddable":true,"href":"https:\/\/www.jardinsdechanabier.com\/index.php?rest_route=\/wp\/v2\/media\/1150"}],"wp:attachment":[{"href":"https:\/\/www.jardinsdechanabier.com\/index.php?rest_route=%2Fwp%2Fv2%2Fmedia&parent=1148"}],"wp:term":[{"taxonomy":"category","embeddable":true,"href":"https:\/\/www.jardinsdechanabier.com\/index.php?rest_route=%2Fwp%2Fv2%2Fcategories&post=1148"},{"taxonomy":"post_tag","embeddable":true,"href":"https:\/\/www.jardinsdechanabier.com\/index.php?rest_route=%2Fwp%2Fv2%2Ftags&post=1148"}],"curies":[{"name":"wp","href":"https:\/\/api.w.org\/{rel}","templated":true}]}}