{"id":1222,"date":"2025-06-03T22:28:56","date_gmt":"2025-06-03T20:28:56","guid":{"rendered":"https:\/\/www.jardinsdechanabier.com\/?p=1222"},"modified":"2025-06-04T12:10:31","modified_gmt":"2025-06-04T10:10:31","slug":"rendez-vous-au-jardin-solidaire-et-partage-de-rosieres-en-ardeche","status":"publish","type":"post","link":"https:\/\/www.jardinsdechanabier.com\/?p=1222","title":{"rendered":"Rendez-vous au Jardin Solidaire et Partag\u00e9 de Rosi\u00e8res en Ard\u00e8che"},"content":{"rendered":"\n<h3 class=\"wp-block-heading\">Premi\u00e8re participation \u00e0 l&rsquo;\u00e9v\u00e8nement <a href=\"https:\/\/rendezvousauxjardins.culture.gouv.fr\/\" target=\"_blank\" rel=\"noreferrer noopener\">\u00ab\u00a0Rendez-vous aux Jardins\u00a0\u00bb<\/a> organis\u00e9 par le Minist\u00e8re de la Culture<\/h3>\n\n\n\n<p>L\u2019aventure du Jardin Solidaire et Partag\u00e9 de Rosi\u00e8res a d\u00e9marr\u00e9 en avril 2023. Ce jardin nourricier, solidaire et partag\u00e9, est cultiv\u00e9 sur sol vivant pour accueillir et b\u00e9n\u00e9ficier de la biodiversit\u00e9 de la Nature. Il fait l&rsquo;objet d&rsquo;un design en permaculture. De nombreuses fleurs sont aussi pr\u00e9sentes ainsi que des l\u00e9gumes vivaces. Des haies fruiti\u00e8res ont \u00e9t\u00e9 plant\u00e9es. Une zone humide permet de cultiver des plantes aquatiques. Des formations \u00e0 la permaculture ont lieu dans ce jardin.<\/p>\n\n\n\n<h3 class=\"wp-block-heading\"><strong><em>Venez d\u00e9couvrir un jardin vivrier o\u00f9 la Nature a le premier r\u00f4le !<\/em><\/strong><em><\/em><\/h3>\n\n\n\n<figure class=\"wp-block-image size-large\"><img loading=\"lazy\" decoding=\"async\" width=\"1024\" height=\"576\" src=\"https:\/\/www.jardinsdechanabier.com\/wp-content\/uploads\/2025\/06\/CP-mai-2025-1024x576.jpg\" alt=\"\" class=\"wp-image-1225\" srcset=\"https:\/\/www.jardinsdechanabier.com\/wp-content\/uploads\/2025\/06\/CP-mai-2025-1024x576.jpg 1024w, https:\/\/www.jardinsdechanabier.com\/wp-content\/uploads\/2025\/06\/CP-mai-2025-300x169.jpg 300w, https:\/\/www.jardinsdechanabier.com\/wp-content\/uploads\/2025\/06\/CP-mai-2025-768x432.jpg 768w, https:\/\/www.jardinsdechanabier.com\/wp-content\/uploads\/2025\/06\/CP-mai-2025-1536x864.jpg 1536w, https:\/\/www.jardinsdechanabier.com\/wp-content\/uploads\/2025\/06\/CP-mai-2025-2048x1152.jpg 2048w\" sizes=\"auto, (max-width: 767px) 89vw, (max-width: 1000px) 54vw, (max-width: 1071px) 543px, 580px\" \/><\/figure>\n\n\n\n<h4 class=\"wp-block-heading\">Visite libre du jardin solidaire et partag\u00e9 les samedi 7 et dimanche 8 juin de 13h00 \u00e0 19h00<\/h4>\n\n\n\n<p>Les cultures s&rsquo;associent \u00e0 la biodiversit\u00e9 pour respecter le Vivant que ce soient les humains, la nature ou la terre. Ce jardin est cr\u00e9\u00e9 selon les principes de la permaculture : s&rsquo;inspirer de la Nature pour cr\u00e9er des syst\u00e8mes r\u00e9silients, durables et \u00e9cologiques. Les visiteurs pourront poser leurs questions \u00e0 Nathana\u00ebl Bechdolff, formateur en permaculture et cr\u00e9ateur du design permaculturel de ce jardin.<\/p>\n\n\n\n<p><em>La <a href=\"https:\/\/rendezvousauxjardins.culture.gouv.fr\/w\/370827\/evenement\/18399894\/visite-du-jardin-solidaire-et-partage#\/events\/18399894\" target=\"_blank\" rel=\"noreferrer noopener\">visite du jardin<\/a> est gratuite. <\/em><\/p>\n\n\n\n<h4 class=\"wp-block-heading\">Deux ateliers de d\u00e9couverte sont programm\u00e9s dans le Jardin Solidaire et Partag\u00e9 de Rosi\u00e8res (Ard\u00e8che)&nbsp;:<\/h4>\n\n\n\n<p><strong><em><a href=\"https:\/\/rendezvousauxjardins.culture.gouv.fr\/w\/370827\/evenement\/18399895\/accueillir-la-biodiversite-au-jardin#\/events\/18399895\" data-type=\"link\" data-id=\"https:\/\/rendezvousauxjardins.culture.gouv.fr\/w\/370827\/evenement\/18399895\/accueillir-la-biodiversite-au-jardin#\/events\/18399895\" target=\"_blank\" rel=\"noreferrer noopener\">Accueillir la biodiversit\u00e9 au jardin<\/a><\/em><\/strong>, s<em>amedi 7 juin \u00e0 17h00<\/em><\/p>\n\n\n\n<p>Parcourez le jardin solidaire et partag\u00e9 et d\u00e9couvrez comment accueillir la biodiversit\u00e9 de la Nature dans un jardin. <br>Quel est l&rsquo;importance de la biodiversit\u00e9 dans un syst\u00e8me permaculturel ? Comment b\u00e9n\u00e9ficier d&rsquo;un jardin r\u00e9silient et \u00e9cologique gr\u00e2ce \u00e0 la biodiversit\u00e9.<\/p>\n\n\n\n<p><strong><em><a href=\"https:\/\/rendezvousauxjardins.culture.gouv.fr\/w\/370827\/evenement\/18399896\/lart-de-cultiver-un-sol-vivant#\/events\/18399896\" target=\"_blank\" rel=\"noreferrer noopener\">L&rsquo;art de cultiver un sol vivant<\/a><\/em><\/strong>, d<em>imanche 8 juin \u00e0 17h00<\/em><\/p>\n\n\n\n<p>D\u00e9couvrez comment un sol se cr\u00e9e, vit, se r\u00e9g\u00e9n\u00e8re et s\u2019enrichit<br>Le sol est le capital \u00ab\u00a0terre\u00a0\u00bb de nos jardins, de nos cultures et de nos champs. Il accueille nos racines et permet la vie. Comment le respecter et permettre qu&rsquo;il continue son r\u00f4le en retenant eau, \u00e9l\u00e9ments nutritifs et vie. Comment le garder en bonne sant\u00e9 ? Quel r\u00f4le a-t-il pour nos cultures et nos jardins ? Simple support ou acteur de la vie ?<br>\u00c0 travers les exemples concrets du jardin, les participants pourront d\u00e9couvrir comment cultiver ou jardiner sur sol vivant.<\/p>\n\n\n\n<p><em>Les deux ateliers sont participatifs, les personnes pourront poser toutes leurs questions sur l\u2019accueil de la biodiversit\u00e9 et le fonctionnement d&rsquo;un sol vivant.<\/em> <em>Une libre participation est demand\u00e9e pour les ateliers.<\/em><\/p>\n\n\n\n<p><em><strong>C\u00f4t\u00e9 pratique&nbsp;: <\/strong>Un petit parking permet le stationnement de 4 voitures sur place. Un grand parking se trouve \u00e0 Balbiac, il est \u00e0 10 minutes \u00e0 pied. Un chemin de randonn\u00e9e passe devant le jardin, il est donc possible de venir \u00e0 pied \u00e0 partir du village de Rosi\u00e8res. On accueille aussi les cyclistes ! Un arr\u00eat de bus se trouve \u00e0 15 minutes (arr\u00eat L&rsquo;Estrade \/ les Vignes ligne E13). De pr\u00e9f\u00e9rence, venir sans chien ou le tenir tr\u00e8s court en laisse !<\/em><\/p>\n\n\n\n<p><\/p>\n","protected":false},"excerpt":{"rendered":"<p>Premi\u00e8re participation \u00e0 l&rsquo;\u00e9v\u00e8nement \u00ab\u00a0Rendez-vous aux Jardins\u00a0\u00bb organis\u00e9 par le Minist\u00e8re de la Culture L\u2019aventure du Jardin Solidaire et Partag\u00e9 de Rosi\u00e8res a d\u00e9marr\u00e9 en avril 2023. Ce jardin nourricier, solidaire et partag\u00e9, est cultiv\u00e9 sur sol vivant pour accueillir et b\u00e9n\u00e9ficier de la biodiversit\u00e9 de la Nature. Il fait l&rsquo;objet d&rsquo;un design en permaculture. &hellip; <\/p>\n<p class=\"link-more\"><a href=\"https:\/\/www.jardinsdechanabier.com\/?p=1222\" class=\"more-link\">Continuer la lecture<span class=\"screen-reader-text\"> de &laquo;&nbsp;Rendez-vous au Jardin Solidaire et Partag\u00e9 de Rosi\u00e8res en Ard\u00e8che&nbsp;&raquo;<\/span><\/a><\/p>\n","protected":false},"author":1,"featured_media":1224,"comment_status":"closed","ping_status":"open","sticky":false,"template":"","format":"standard","meta":{"_exactmetrics_skip_tracking":false,"_exactmetrics_sitenote_active":false,"_exactmetrics_sitenote_note":"","_exactmetrics_sitenote_category":0,"footnotes":""},"categories":[8,7,44,102],"tags":[43,20,92,18,16,11,36,41,127,110,23],"class_list":["post-1222","post","type-post","status-publish","format-standard","has-post-thumbnail","hentry","category-actus","category-agenda","category-evenements","category-permaculture","tag-alternatives","tag-ardeche","tag-association","tag-biodiversite","tag-ecologie","tag-jardin","tag-nature","tag-permaculture","tag-rendez-vous-au-jardin","tag-sol-vivant","tag-solidarite"],"_links":{"self":[{"href":"https:\/\/www.jardinsdechanabier.com\/index.php?rest_route=\/wp\/v2\/posts\/1222","targetHints":{"allow":["GET"]}}],"collection":[{"href":"https:\/\/www.jardinsdechanabier.com\/index.php?rest_route=\/wp\/v2\/posts"}],"about":[{"href":"https:\/\/www.jardinsdechanabier.com\/index.php?rest_route=\/wp\/v2\/types\/post"}],"author":[{"embeddable":true,"href":"https:\/\/www.jardinsdechanabier.com\/index.php?rest_route=\/wp\/v2\/users\/1"}],"replies":[{"embeddable":true,"href":"https:\/\/www.jardinsdechanabier.com\/index.php?rest_route=%2Fwp%2Fv2%2Fcomments&post=1222"}],"version-history":[{"count":5,"href":"https:\/\/www.jardinsdechanabier.com\/index.php?rest_route=\/wp\/v2\/posts\/1222\/revisions"}],"predecessor-version":[{"id":1229,"href":"https:\/\/www.jardinsdechanabier.com\/index.php?rest_route=\/wp\/v2\/posts\/1222\/revisions\/1229"}],"wp:featuredmedia":[{"embeddable":true,"href":"https:\/\/www.jardinsdechanabier.com\/index.php?rest_route=\/wp\/v2\/media\/1224"}],"wp:attachment":[{"href":"https:\/\/www.jardinsdechanabier.com\/index.php?rest_route=%2Fwp%2Fv2%2Fmedia&parent=1222"}],"wp:term":[{"taxonomy":"category","embeddable":true,"href":"https:\/\/www.jardinsdechanabier.com\/index.php?rest_route=%2Fwp%2Fv2%2Fcategories&post=1222"},{"taxonomy":"post_tag","embeddable":true,"href":"https:\/\/www.jardinsdechanabier.com\/index.php?rest_route=%2Fwp%2Fv2%2Ftags&post=1222"}],"curies":[{"name":"wp","href":"https:\/\/api.w.org\/{rel}","templated":true}]}}