{"id":721,"date":"2019-05-30T08:51:10","date_gmt":"2019-05-30T06:51:10","guid":{"rendered":"http:\/\/www.jardinsdechanabier.com\/?p=721"},"modified":"2025-03-10T01:03:14","modified_gmt":"2025-03-10T00:03:14","slug":"cine-debat-avec-le-film-le-grain-et-livraie-de-fernando-solonas","status":"publish","type":"post","link":"https:\/\/www.jardinsdechanabier.com\/?p=721","title":{"rendered":"Cin\u00e9-D\u00e9bat avec le film \u00ab le Grain et l\u2019Ivraie \u00bb de Fernando Solanas"},"content":{"rendered":"\n<h4 class=\"wp-block-heading\">Projection du film le 13 juin \u00e0 20h30 au Cin\u00e9ma le Navire Aubenas suivi d\u2019un \u00e9change<\/h4>\n\n\n\n<p>Premier exportateur mondial d\u2019huile de soja, l\u2019Argentine a privil\u00e9gi\u00e9 la culture intensive de soja transg\u00e9nique. Militant infatigable, Fernando Solanas signe un documentaire d\u00e9capant sur les cons\u00e9quences dramatiques de ces choix sur l\u2019\u00e9cologie et la sant\u00e9 humaine. <\/p>\n\n\n\n<p>Fernando Solanas voyage cam\u00e9ra aux poings \u00e0 travers sept provinces argentines \u00e0 la rencontre des populations locales, d\u2019agriculteurs et de chercheurs qui nous racontent les cons\u00e9quences sociales et environnementales du mod\u00e8le agricole argentin.<\/p>\n\n\n\n<div class=\"wp-block-image\"><figure class=\"aligncenter\"><img loading=\"lazy\" decoding=\"async\" width=\"727\" height=\"1024\" src=\"https:\/\/www.jardinsdechanabier.com\/wp-content\/uploads\/2019\/05\/LE-GRAIN-ET-L-IVRAIE_FLYER_A5-727x1024.png\" alt=\"Affiche le Grain et l'Ivraie\" class=\"wp-image-724\" srcset=\"https:\/\/www.jardinsdechanabier.com\/wp-content\/uploads\/2019\/05\/LE-GRAIN-ET-L-IVRAIE_FLYER_A5-727x1024.png 727w, https:\/\/www.jardinsdechanabier.com\/wp-content\/uploads\/2019\/05\/LE-GRAIN-ET-L-IVRAIE_FLYER_A5-213x300.png 213w, https:\/\/www.jardinsdechanabier.com\/wp-content\/uploads\/2019\/05\/LE-GRAIN-ET-L-IVRAIE_FLYER_A5-768x1081.png 768w, https:\/\/www.jardinsdechanabier.com\/wp-content\/uploads\/2019\/05\/LE-GRAIN-ET-L-IVRAIE_FLYER_A5.png 1197w\" sizes=\"auto, (max-width: 727px) 100vw, 727px\" \/><\/figure><\/div>\n\n\n\n<p>Agriculture\ntransg\u00e9nique et utilisation intensive des agrotoxiques (glyphosate, \u00e9pandages,\nfumigations) ont provoqu\u00e9 l\u2019exode rural, la d\u00e9forestation, la destruction des\nsols mais aussi la multiplication des cas de cancers et de malformations \u00e0 la\nnaissance. <\/p>\n\n\n\n<p>Le\nr\u00e9cit de Fernando Solanas \u00e9voque aussi l&rsquo;alternative d\u2019une agriculture\n\u00e9cologique et d\u00e9montre qu\u2019il est possible de produire de mani\u00e8re saine et\nrentable des aliments pour tous, sans pesticides, pour reconqu\u00e9rir et pr\u00e9server\nnos milieux naturels.<\/p>\n\n\n\n<p class=\"has-text-align-center\">                                                                         <br> En partenariat avec le cin\u00e9ma Le Navire Aubenas, Les Jardins de Chanabier propose<strong> un cin\u00e9-d\u00e9bat le jeudi 13 juin \u00e0 20h30. <br><br> <\/strong>La projection du film \u00ab&nbsp;Le Grain et l\u2019Ivraie&nbsp;\u00bb sera suivie d\u2019un \u00e9change sur la question&nbsp;: <strong>\u00ab&nbsp;Quelle agriculture choisir pour nous nourrir demain&nbsp;?&nbsp;\u00bb<\/strong><\/p>\n\n\n\n<p>En jeu ? Notre avenir ! En effet les d\u00e9fis du changement climatique, la n\u00e9cessit\u00e9 de la transition \u00e9cologique doivent nous faire repenser nos mod\u00e8les agricoles voire les r\u00e9former. La vie, la nature, la biodiversit\u00e9, les sols\u2026 doivent \u00eatre pr\u00e9serv\u00e9s pour notre propre vie, pour celle de nos enfants et des g\u00e9n\u00e9rations futures.  Parmi ces solutions, la permaculture peut nous permettre de repenser notre fonctionnement en s&rsquo;inspirant de la Nature, de la coop\u00e9ration qu&rsquo;elle d\u00e9veloppe, de son abondance&#8230; <\/p>\n\n\n\n<figure class=\"wp-block-embed-youtube aligncenter wp-block-embed is-type-video is-provider-youtube wp-embed-aspect-16-9 wp-has-aspect-ratio\"><div class=\"wp-block-embed__wrapper\">\n<iframe loading=\"lazy\" title=\"Le Grain et l&#039;Ivraie un film de Fernando Solanas\" width=\"525\" height=\"295\" src=\"https:\/\/www.youtube.com\/embed\/WPwQaOqJmqE?feature=oembed\" frameborder=\"0\" allow=\"accelerometer; autoplay; clipboard-write; encrypted-media; gyroscope; picture-in-picture; web-share\" referrerpolicy=\"strict-origin-when-cross-origin\" allowfullscreen><\/iframe>\n<\/div><figcaption>Bande annonce du film Le Grain et l&rsquo;Ivraie de Fernando Solanas<\/figcaption><\/figure>\n\n\n\n<p class=\"has-text-align-center\"><em>La soir\u00e9e sera close par une collation offerte <\/em><br><em>par la <a rel=\"noreferrer noopener\" aria-label=\"Biocoop Gat\u00f4bio (s\u2019ouvre dans un nouvel onglet)\" href=\"https:\/\/lesgatobio.biocoop.net\/\" target=\"_blank\">Biocoop Gat\u00f4bio<\/a> et <a href=\"https:\/\/www.jardinsdechanabier.com\" target=\"_blank\" rel=\"noreferrer noopener\" aria-label=\"les Jardins de Chanabier (s\u2019ouvre dans un nouvel onglet)\">les Jardins de Chanabier<\/a><\/em><\/p>\n\n\n\n<h4 class=\"wp-block-heading\">En compl\u00e9ment de cette\nsoir\u00e9e<\/h4>\n\n\n\n<ul class=\"wp-block-list\"><li><strong>Une <a href=\"https:\/\/www.jardinsdechanabier.com\/?p=740\" target=\"_blank\" rel=\"noreferrer noopener\" aria-label=\"exposition (s\u2019ouvre dans un nouvel onglet)\">exposition<\/a> sur le th\u00e8me \u00ab&nbsp;agriculture et nourriture&nbsp;\u00bb se tiendra du lundi 10 au mercredi 19 juin.<\/strong> Plusieurs photos dont une dizaine de Jean Delmarty, photographe professionnel (<a rel=\"noreferrer noopener\" aria-label=\" (s\u2019ouvre dans un nouvel onglet)\" href=\"http:\/\/www.jeandelmarty.com\" target=\"_blank\">www.jeandelmarty.com<\/a>) seront pr\u00e9sent\u00e9es. Des panneaux donneront des informations sur l\u2019agriculture, sur la nourriture, sur la biodiversit\u00e9, sur la pr\u00e9servation de la ressource en eau, sur la permaculture\u2026<\/li><\/ul>\n\n\n\n<ul class=\"wp-block-list\"><li><strong>Une <a href=\"https:\/\/www.jardinsdechanabier.com\/?p=732\" target=\"_blank\" rel=\"noreferrer noopener\" aria-label=\"rencontre (s\u2019ouvre dans un nouvel onglet)\">rencontre<\/a> avec des acteurs du territoire<\/strong> impliqu\u00e9s dans une d\u00e9marche de proximit\u00e9, de qualit\u00e9, ou engag\u00e9s dans des alternatives aura lieu le <strong>jeudi 13 juin \u00e0 partir de 15h00. <\/strong>Les personnes pourront d\u00e9couvrir leurs implications dans la vie locale et dans le territoire ard\u00e9chois<\/li><\/ul>\n\n\n\n<figure class=\"wp-block-embed-wordpress wp-block-embed is-type-wp-embed is-provider-les-jardins-de-chanabier\"><div class=\"wp-block-embed__wrapper\">\n<blockquote class=\"wp-embedded-content\" data-secret=\"5f0JhTHszC\"><a href=\"https:\/\/www.jardinsdechanabier.com\/?p=755\">Aubenas : quelle agriculture choisir pour demain ?<\/a><\/blockquote><iframe loading=\"lazy\" class=\"wp-embedded-content\" sandbox=\"allow-scripts\" security=\"restricted\" style=\"position: absolute; clip: rect(1px, 1px, 1px, 1px);\" title=\"\u00ab\u00a0Aubenas : quelle agriculture choisir pour demain ?\u00a0\u00bb &#8212; les jardins de chanabier\" src=\"https:\/\/www.jardinsdechanabier.com\/?p=755&#038;embed=true#?secret=z2hGV4CVUz#?secret=5f0JhTHszC\" data-secret=\"5f0JhTHszC\" width=\"525\" height=\"296\" frameborder=\"0\" marginwidth=\"0\" marginheight=\"0\" scrolling=\"no\"><\/iframe>\n<\/div><\/figure>\n\n\n\n<blockquote class=\"twitter-tweet\" data-lang=\"fr\"><p lang=\"fr\" dir=\"ltr\">Une <a href=\"https:\/\/twitter.com\/hashtag\/exposition?src=hash&amp;ref_src=twsrc%5Etfw\">#exposition<\/a>, des <a href=\"https:\/\/twitter.com\/hashtag\/stands?src=hash&amp;ref_src=twsrc%5Etfw\">#stands<\/a> et la <a href=\"https:\/\/twitter.com\/hashtag\/projection?src=hash&amp;ref_src=twsrc%5Etfw\">#projection<\/a> du <a href=\"https:\/\/twitter.com\/hashtag\/film?src=hash&amp;ref_src=twsrc%5Etfw\">#film<\/a> <a href=\"https:\/\/twitter.com\/hashtag\/LeGrainetlIvraie?src=hash&amp;ref_src=twsrc%5Etfw\">#LeGrainetlIvraie<\/a> suivi d&rsquo;un \u00e9change organis\u00e9 par les <a href=\"https:\/\/twitter.com\/J_2Chanabier?ref_src=twsrc%5Etfw\">@J_2Chanabier<\/a> le 13\/06 en partenariat avec <a href=\"https:\/\/twitter.com\/LeNavire?ref_src=twsrc%5Etfw\">@LeNavire<\/a> <a href=\"https:\/\/twitter.com\/hashtag\/cin%C3%A9ma?src=hash&amp;ref_src=twsrc%5Etfw\">#cin\u00e9ma<\/a> <a href=\"https:\/\/twitter.com\/hashtag\/Aubenas?src=hash&amp;ref_src=twsrc%5Etfw\">#Aubenas<\/a><br>Ne manquez pas ce <a href=\"https:\/\/twitter.com\/hashtag\/Cin%C3%A9d%C3%A9bat?src=hash&amp;ref_src=twsrc%5Etfw\">#Cin\u00e9d\u00e9bat<\/a> autour de la question \u00ab\u00a0Quelle <a href=\"https:\/\/twitter.com\/hashtag\/agriculture?src=hash&amp;ref_src=twsrc%5Etfw\">#agriculture<\/a> pour nous nourrir <a href=\"https:\/\/twitter.com\/hashtag\/demain?src=hash&amp;ref_src=twsrc%5Etfw\">#demain<\/a> ?\u00a0\u00bb <a href=\"https:\/\/t.co\/HqUKftXeTI\">pic.twitter.com\/HqUKftXeTI<\/a><\/p>\u2014 Jardins de Chanabier (@J_2Chanabier) <a href=\"https:\/\/twitter.com\/J_2Chanabier\/status\/1131914696926400512?ref_src=twsrc%5Etfw\">24 mai 2019<\/a><\/blockquote>\n<script async=\"\" src=\"https:\/\/platform.twitter.com\/widgets.js\" charset=\"utf-8\"><\/script>\n","protected":false},"excerpt":{"rendered":"<p>Projection du film le 13 juin \u00e0 20h30 au Cin\u00e9ma le Navire Aubenas suivi d\u2019un \u00e9change Premier exportateur mondial d\u2019huile de soja, l\u2019Argentine a privil\u00e9gi\u00e9 la culture intensive de soja transg\u00e9nique. Militant infatigable, Fernando Solanas signe un documentaire d\u00e9capant sur les cons\u00e9quences dramatiques de ces choix sur l\u2019\u00e9cologie et la sant\u00e9 humaine. Fernando Solanas voyage &hellip; <\/p>\n<p class=\"link-more\"><a href=\"https:\/\/www.jardinsdechanabier.com\/?p=721\" class=\"more-link\">Continuer la lecture<span class=\"screen-reader-text\"> de &laquo;&nbsp;Cin\u00e9-D\u00e9bat avec le film \u00ab le Grain et l\u2019Ivraie \u00bb de Fernando Solanas&nbsp;&raquo;<\/span><\/a><\/p>\n","protected":false},"author":1,"featured_media":725,"comment_status":"open","ping_status":"open","sticky":false,"template":"","format":"standard","meta":{"_exactmetrics_skip_tracking":false,"_exactmetrics_sitenote_active":false,"_exactmetrics_sitenote_note":"","_exactmetrics_sitenote_category":0,"footnotes":""},"categories":[117,44],"tags":[32,72,71,18,69,40,73,54,70,36,41,74,77,30,76,75],"class_list":["post-721","post","type-post","status-publish","format-standard","has-post-thumbnail","hentry","category-archives","category-evenements","tag-actualite","tag-agriculture","tag-avenir","tag-biodiversite","tag-cine-debat","tag-cinema","tag-documentaire","tag-exposition","tag-film","tag-nature","tag-permaculture","tag-pesticides","tag-photographie","tag-rencontre","tag-transition-agricole","tag-transition-ecologique"],"_links":{"self":[{"href":"https:\/\/www.jardinsdechanabier.com\/index.php?rest_route=\/wp\/v2\/posts\/721","targetHints":{"allow":["GET"]}}],"collection":[{"href":"https:\/\/www.jardinsdechanabier.com\/index.php?rest_route=\/wp\/v2\/posts"}],"about":[{"href":"https:\/\/www.jardinsdechanabier.com\/index.php?rest_route=\/wp\/v2\/types\/post"}],"author":[{"embeddable":true,"href":"https:\/\/www.jardinsdechanabier.com\/index.php?rest_route=\/wp\/v2\/users\/1"}],"replies":[{"embeddable":true,"href":"https:\/\/www.jardinsdechanabier.com\/index.php?rest_route=%2Fwp%2Fv2%2Fcomments&post=721"}],"version-history":[{"count":1,"href":"https:\/\/www.jardinsdechanabier.com\/index.php?rest_route=\/wp\/v2\/posts\/721\/revisions"}],"predecessor-version":[{"id":1178,"href":"https:\/\/www.jardinsdechanabier.com\/index.php?rest_route=\/wp\/v2\/posts\/721\/revisions\/1178"}],"wp:featuredmedia":[{"embeddable":true,"href":"https:\/\/www.jardinsdechanabier.com\/index.php?rest_route=\/wp\/v2\/media\/725"}],"wp:attachment":[{"href":"https:\/\/www.jardinsdechanabier.com\/index.php?rest_route=%2Fwp%2Fv2%2Fmedia&parent=721"}],"wp:term":[{"taxonomy":"category","embeddable":true,"href":"https:\/\/www.jardinsdechanabier.com\/index.php?rest_route=%2Fwp%2Fv2%2Fcategories&post=721"},{"taxonomy":"post_tag","embeddable":true,"href":"https:\/\/www.jardinsdechanabier.com\/index.php?rest_route=%2Fwp%2Fv2%2Ftags&post=721"}],"curies":[{"name":"wp","href":"https:\/\/api.w.org\/{rel}","templated":true}]}}